{"id":1696,"date":"2026-01-31T20:25:34","date_gmt":"2026-01-31T20:25:34","guid":{"rendered":"https:\/\/awpm.pt\/?p=1696"},"modified":"2026-01-31T20:25:38","modified_gmt":"2026-01-31T20:25:38","slug":"professores-compositores","status":"publish","type":"post","link":"https:\/\/awpm.pt\/en\/2026\/01\/31\/professores-compositores\/","title":{"rendered":"PROFESSORES COMPOSITORES"},"content":{"rendered":"<p class=\"has-text-align-center has-medium-font-size\"><strong>ARRANJOS NO ENSINO DA M\u00daSICA<\/strong><\/p>\n\n\n\n<h3 class=\"has-text-align-left\">A\u00e7\u00e3o Presencial Certificada de Curta Dura\u00e7\u00e3o <\/h3>\n\n\n\n<h3 class=\"has-text-align-left\">ESE Polit\u00e9cnico do Porto <\/h3>\n\n\n\n<h2 class=\"has-text-align-left\">21 de fevereiro 2026 10:00- 13:00 e 14:30-17:30<\/h2>\n\n\n\n<h1 class=\"has-text-align-center\">Nuno Peixoto de Pinho<\/h1>\n\n\n\n<p>INSCREVA-SE AQUI <a href=\"https:\/\/awpm.pt\/en\/formulario-de-inscricao\/\">https:\/\/awpm.pt\/formulario-de-inscricao\/<\/a><\/p>\n\n\n\n<figure class=\"wp-block-image size-large\"><img decoding=\"async\" width=\"724\" height=\"1024\" src=\"https:\/\/awpm.pt\/wp-content\/uploads\/2026\/01\/Acao-de-Formacao_Professores_compositores-2-724x1024.jpg\" alt=\"\" class=\"wp-image-1708\" srcset=\"https:\/\/awpm.pt\/wp-content\/uploads\/2026\/01\/Acao-de-Formacao_Professores_compositores-2-724x1024.jpg 724w, https:\/\/awpm.pt\/wp-content\/uploads\/2026\/01\/Acao-de-Formacao_Professores_compositores-2-212x300.jpg 212w, https:\/\/awpm.pt\/wp-content\/uploads\/2026\/01\/Acao-de-Formacao_Professores_compositores-2-768x1087.jpg 768w, https:\/\/awpm.pt\/wp-content\/uploads\/2026\/01\/Acao-de-Formacao_Professores_compositores-2-1086x1536.jpg 1086w, https:\/\/awpm.pt\/wp-content\/uploads\/2026\/01\/Acao-de-Formacao_Professores_compositores-2-1448x2048.jpg 1448w, https:\/\/awpm.pt\/wp-content\/uploads\/2026\/01\/Acao-de-Formacao_Professores_compositores-2-8x12.jpg 8w, https:\/\/awpm.pt\/wp-content\/uploads\/2026\/01\/Acao-de-Formacao_Professores_compositores-2-1280x1811.jpg 1280w, https:\/\/awpm.pt\/wp-content\/uploads\/2026\/01\/Acao-de-Formacao_Professores_compositores-2-1000x1415.jpg 1000w, https:\/\/awpm.pt\/wp-content\/uploads\/2026\/01\/Acao-de-Formacao_Professores_compositores-2-600x849.jpg 600w, https:\/\/awpm.pt\/wp-content\/uploads\/2026\/01\/Acao-de-Formacao_Professores_compositores-2-scaled.jpg 1810w\" sizes=\"(max-width: 724px) 100vw, 724px\" \/><\/figure>\n\n\n\n<p><\/p>\n\n\n\n<p><\/p>\n\n\n\n<p>I<\/p>","protected":false},"excerpt":{"rendered":"<p>ARRANJOS NO ENSINO DA M\u00daSICA A\u00e7\u00e3o Presencial Certificada de Curta Dura\u00e7\u00e3o ESE Polit\u00e9cnico do Porto 21 de fevereiro 2026 10:00- 13:00 e 14:30-17:30 Nuno Peixoto de Pinho INSCREVA-SE AQUI https:\/\/awpm.pt\/formulario-de-inscricao\/ I<\/p>","protected":false},"author":1,"featured_media":0,"comment_status":"open","ping_status":"closed","sticky":false,"template":"","format":"standard","meta":[],"categories":[18],"tags":[],"acf":[],"_links":{"self":[{"href":"https:\/\/awpm.pt\/en\/wp-json\/wp\/v2\/posts\/1696"}],"collection":[{"href":"https:\/\/awpm.pt\/en\/wp-json\/wp\/v2\/posts"}],"about":[{"href":"https:\/\/awpm.pt\/en\/wp-json\/wp\/v2\/types\/post"}],"author":[{"embeddable":true,"href":"https:\/\/awpm.pt\/en\/wp-json\/wp\/v2\/users\/1"}],"replies":[{"embeddable":true,"href":"https:\/\/awpm.pt\/en\/wp-json\/wp\/v2\/comments?post=1696"}],"version-history":[{"count":7,"href":"https:\/\/awpm.pt\/en\/wp-json\/wp\/v2\/posts\/1696\/revisions"}],"predecessor-version":[{"id":1711,"href":"https:\/\/awpm.pt\/en\/wp-json\/wp\/v2\/posts\/1696\/revisions\/1711"}],"wp:attachment":[{"href":"https:\/\/awpm.pt\/en\/wp-json\/wp\/v2\/media?parent=1696"}],"wp:term":[{"taxonomy":"category","embeddable":true,"href":"https:\/\/awpm.pt\/en\/wp-json\/wp\/v2\/categories?post=1696"},{"taxonomy":"post_tag","embeddable":true,"href":"https:\/\/awpm.pt\/en\/wp-json\/wp\/v2\/tags?post=1696"}],"curies":[{"name":"wp","href":"https:\/\/api.w.org\/{rel}","templated":true}]}}